{"id":1703,"date":"2021-05-05T11:54:00","date_gmt":"2021-05-05T09:54:00","guid":{"rendered":"https:\/\/buecherheroes.de\/?p=1703"},"modified":"2021-05-06T14:31:07","modified_gmt":"2021-05-06T12:31:07","slug":"vom-stift-zum-chef","status":"publish","type":"post","link":"https:\/\/buecherheroes.de\/index.php\/vom-stift-zum-chef\/","title":{"rendered":"Vom Stift zum Chef"},"content":{"rendered":"<p><strong>Nanno Vi\u00ebtor, Gesch\u00e4ftsf\u00fchrer der Buchhandlung Johannesstift<\/strong><\/p>\n<figure id=\"attachment_1706\" aria-describedby=\"caption-attachment-1706\" style=\"width: 300px\" class=\"wp-caption alignleft\"><img loading=\"lazy\" class=\"wp-image-1706 size-medium\" src=\"https:\/\/buecherheroes.de\/wp-content\/uploads\/2021\/05\/NannoVietorBJSy-300x300.jpg\" alt=\"\" width=\"300\" height=\"300\" srcset=\"https:\/\/buecherheroes.de\/wp-content\/uploads\/2021\/05\/NannoVietorBJSy-300x300.jpg 300w, https:\/\/buecherheroes.de\/wp-content\/uploads\/2021\/05\/NannoVietorBJSy-1024x1024.jpg 1024w, https:\/\/buecherheroes.de\/wp-content\/uploads\/2021\/05\/NannoVietorBJSy-150x150.jpg 150w, https:\/\/buecherheroes.de\/wp-content\/uploads\/2021\/05\/NannoVietorBJSy-768x768.jpg 768w, https:\/\/buecherheroes.de\/wp-content\/uploads\/2021\/05\/NannoVietorBJSy-1536x1536.jpg 1536w, https:\/\/buecherheroes.de\/wp-content\/uploads\/2021\/05\/NannoVietorBJSy.jpg 1735w\" sizes=\"(max-width: 300px) 100vw, 300px\" \/><figcaption id=\"caption-attachment-1706\" class=\"wp-caption-text\">\u00a9 EJS<\/figcaption><\/figure>\n<p class=\"frage\">Das hat mich in die Buchbranche gef\u00fchrt:<\/p>\n<p>Beim Lesen war ich ein \u00bbLatecomer\u00ab und die Buchhandlung Obert\u00fcschen von Onkel Dieter in M\u00fcnster war zwar mein erster Kontakt zum Buchhandel, aber trotzdem konnte ich mir nicht vorstellen \u00bbirgendwas mit B\u00fcchern zu machen\u00ab. Eine Schulfreundin begann nach dem Abi in Bonn ihre Lehre bei Lempertz und ich wurde doch neugierig. Der Lehrstellenmangel brachte mich dann 1984 unfreiwillig nach Berlin, wo ich mich durch den Tipp der damaligen Gesch\u00e4ftsstelle in der L\u00fctzowstra\u00dfe im Johannesstift bewarb und blieb. Durch den damaligen Fachbereich Theologie lernte ich dort mit dem Leben als \u00bbhalbwissender\u00ab Nichtakademiker umzugehen&#8230; Nach zehn Jahren im Gro\u00dfbuchhandel war es wie ein Geschenk \u00bbvom Stift zum Chef\u00ab in meiner ehemaligen Ausbildungsst\u00e4tte die Gesch\u00e4ftsf\u00fchrung \u00fcbernehmen zu d\u00fcrfen.<\/p>\n<p class=\"frage\">Mein Lieblingsbuch das keiner kennt:<\/p>\n<p>\u00bbRabatt habe ich nie gegeben.\u00ab Aus der Selbstbiografie von Ludwig Christian Kehr, Buchh\u00e4ndler in Kreuznach Anno 1834 (Windecker Winkelpresse 1980)<\/p>\n<p class=\"frage\">Ohne meine Kolleg*innen h\u00e4tte ich dieses Ding nicht gedreht:<\/p>\n<p>Ohne den Zusammenhalt im Team geht nix! Die Buchhandlung wurde 1898 gegr\u00fcndet und muss sich als Betrieb tragen. Als Einzelk\u00e4mpfer ohne den R\u00fcckhalt meiner Kolleginnen h\u00e4tte ich nie unsere Buchhandlung in der Peripherie von Stadt und Wald aus den roten Zahlen bringen und erhalten k\u00f6nnen. Auch heute sind die Herausforderungen nicht minder, was unseren Alltag im und mit dem Laden betrifft.<\/p>\n<p class=\"frage\">Dieses Projekt w\u00fcrde ich gerne aus der Schublade holen:<\/p>\n<p>Beeindruckt hatte mich das Engagement der Frau Strzeletz von der VHS Spandau, ihrerseits ein b\u00fccherHERO der VHS, die 2019 den \u00bbSpandauer Buchpreis\u00ab auslobte unter dem Motto: Spandau w\u00e4hlt den Roman des Jahres.<br \/>\nAnhand der Shortlist zum Deutschen Buchpreis haben sich 4 Buchhandlungen mit der Volkshochschule zusammengetan, um Spandauer Literaturfans die M\u00f6glichkeit zu geben, \u00fcber den Gewinner zu spekulieren und ihren eigenen Lieblingsroman zu w\u00e4hlen. Es gab Lesungen und eine Abschlussfeier, die viel Spa\u00df bereitet haben. Es freute mich sehr, sollte dieses Projekt eine Fortsetzung erfahren.<\/p>\n<p class=\"frage\">Ich bin Mitglied im B\u00f6rsenverein, weil&#8230;<\/p>\n<p>&#8230; Partizipation und Solidarit\u00e4t, kollegialer Erfahrungsaustausch und Mitarbeit zu Freundschaften f\u00fchren k\u00f6nnen, deren Mehrwert ein Arbeitsleben bereichern, unabh\u00e4ngig von der Beitragsgr\u00f6\u00dfe des Unternehmens im Verband. Deswegen kann man nicht Nichtmitglied sein. Lernen Sie unsere formidable Gesch\u00e4ftsstelle kennen!<\/p>\n<p class=\"frage\">Welcher b\u00fccherHERO ist noch zu entdecken, und warum?<\/p>\n<p>Meine Wertsch\u00e4tzung gilt beispielsweise Edgar Schuster mit seinem Team von <a href=\"https:\/\/www.buecher-am-nonnendamm.de\" target=\"_blank\" rel=\"noopener\">B\u00fccher am Nonnendamm<\/a>! Diese Heroes haben in der Startphase des Betriebs eine \u201cBuchhandlung ohne B\u00fccher\u201c unter anderem mit Gutscheinen und Kundensolidarit\u00e4t, vor allem aber mit ihrem Engagement, zu einer Institution in Siemensstadt gemacht. \u00dcber viele Jahre ist unsere Kollegialit\u00e4t im Verband zur freundschaftlichen Verbundenheit gewachsen.<\/p>\n<p class=\"frage\">Was m\u00f6chten Sie sonst noch loswerden?<\/p>\n<p>Es gibt h\u00e4ufig ein kritisches Verh\u00e4ltnis zu Institutionen, dazu geh\u00f6rt auch unser B\u00f6rsenverein \u2013<br \/>\nGerade deshalb k\u00f6nnen wir die  Chance nutzen und unsere Angelegenheiten durch aktives Einbringen in unserem Sinne, in der Verbandsarbeit des B\u00f6V mitzugestalten.  Von au\u00dfen zu kritisieren ist  probat, hilft aber nur geringf\u00fcgig.  Mit Kolleginnen sich zu begegnen, auszutauschen und gemeinsame Ziele zu verfolgen erf\u00fcllt eher diesen Wunsch nach Verbesserung in unserem Berufsstand. Wir haben in unserem Verband sogar ein eigenes Sozialwerk um in Not geratene Kolleginnen zu  unterst\u00fctzen.<br \/>\nWir sind in unserem B\u00f6rsenverein so viel mehr als nur ein Lobbyverband!<br \/>\nEs gibt viele M\u00f6glichkeiten sich einzubringen und auch die Treffen mit den anderen unabh\u00e4ngigen SorimenterInnen im IGUS haben mir den Horizont erweitert und Freude bereitet.  Auch die KollegInnen   in der Frankfurter Gesch\u00e4ftsstelle sind eine freundliche Hilfe und haben mir meine  Schwellenangst genommen. Dazu geh\u00f6rt auch in meinen Augen die Teilnahme an den Buchtagen, \u00fcber deren Wichtigkeit mir erst bei der Teilnahme an der Hauptversammlung bewusst wurde \u2013 von der tollen Party danach mal abgesehen\u2026<br \/>\nMachen Sie mit \ud83d\ude42<br \/>\n<img loading=\"lazy\" class=\"alignnone wp-image-1711 size-full\" src=\"https:\/\/buecherheroes.de\/wp-content\/uploads\/2021\/05\/Buchh.EJS02_600x600_900KB-2.jpg\" alt=\"\" width=\"810\" height=\"455\" srcset=\"https:\/\/buecherheroes.de\/wp-content\/uploads\/2021\/05\/Buchh.EJS02_600x600_900KB-2.jpg 810w, https:\/\/buecherheroes.de\/wp-content\/uploads\/2021\/05\/Buchh.EJS02_600x600_900KB-2-300x169.jpg 300w, https:\/\/buecherheroes.de\/wp-content\/uploads\/2021\/05\/Buchh.EJS02_600x600_900KB-2-768x431.jpg 768w\" sizes=\"(max-width: 810px) 100vw, 810px\" \/><\/p>\n<div class=\"abbinder\">Nanno Vi\u00ebtor<br \/>\nBuchhandlung Johannesstift<br \/>\nSch\u00f6nwalder Allee 26, Haus 2<br \/>\n13587 Berlin-Spandau<\/p>\n<p>Telefon: (030) 33 52 431<br \/>\nE-Mail: <a href=\"mailto:info@buchhandlung-johannesstift.de\">info@buchhandlung-johannesstift.de<\/a><br \/>\nWebseite: <a href=\"https:\/\/www.evangelisches-johannesstift.de\/buchhandlung\" target=\"_blank\" rel=\"noopener\">www.evangelisches-johannesstift.de\/buchhandlung<\/a><\/p>\n<p>Facebook: <a href=\"https:\/\/www.facebook.com\/johannesstiftbuchhandlung\" target=\"_blank\" rel=\"noopener\">johannesstiftbuchhandlung<\/a><\/p>\n<\/div>\n","protected":false},"excerpt":{"rendered":"<p>Nanno Vi\u00ebtor, Buchhandlung Johannesstift<\/p>\n","protected":false},"author":1,"featured_media":1706,"comment_status":"closed","ping_status":"open","sticky":false,"template":"","format":"standard","meta":[],"categories":[8,1,10],"tags":[],"blocksy_meta":"","_links":{"self":[{"href":"https:\/\/buecherheroes.de\/index.php\/wp-json\/wp\/v2\/posts\/1703"}],"collection":[{"href":"https:\/\/buecherheroes.de\/index.php\/wp-json\/wp\/v2\/posts"}],"about":[{"href":"https:\/\/buecherheroes.de\/index.php\/wp-json\/wp\/v2\/types\/post"}],"author":[{"embeddable":true,"href":"https:\/\/buecherheroes.de\/index.php\/wp-json\/wp\/v2\/users\/1"}],"replies":[{"embeddable":true,"href":"https:\/\/buecherheroes.de\/index.php\/wp-json\/wp\/v2\/comments?post=1703"}],"version-history":[{"count":5,"href":"https:\/\/buecherheroes.de\/index.php\/wp-json\/wp\/v2\/posts\/1703\/revisions"}],"predecessor-version":[{"id":1734,"href":"https:\/\/buecherheroes.de\/index.php\/wp-json\/wp\/v2\/posts\/1703\/revisions\/1734"}],"wp:featuredmedia":[{"embeddable":true,"href":"https:\/\/buecherheroes.de\/index.php\/wp-json\/wp\/v2\/media\/1706"}],"wp:attachment":[{"href":"https:\/\/buecherheroes.de\/index.php\/wp-json\/wp\/v2\/media?parent=1703"}],"wp:term":[{"taxonomy":"category","embeddable":true,"href":"https:\/\/buecherheroes.de\/index.php\/wp-json\/wp\/v2\/categories?post=1703"},{"taxonomy":"post_tag","embeddable":true,"href":"https:\/\/buecherheroes.de\/index.php\/wp-json\/wp\/v2\/tags?post=1703"}],"curies":[{"name":"wp","href":"https:\/\/api.w.org\/{rel}","templated":true}]}}