{"id":1652,"date":"2021-04-30T13:43:26","date_gmt":"2021-04-30T11:43:26","guid":{"rendered":"https:\/\/buecherheroes.de\/?p=1652"},"modified":"2021-04-30T13:44:12","modified_gmt":"2021-04-30T11:44:12","slug":"wenn-sich-neue-wege-oeffnen","status":"publish","type":"post","link":"https:\/\/buecherheroes.de\/index.php\/wenn-sich-neue-wege-oeffnen\/","title":{"rendered":"Wenn sich neue Wege \u00f6ffnen"},"content":{"rendered":"<p><strong>Sabine Hoffmann, Vertriebsleiterin im Wichern-Verlag<\/strong><\/p>\n<figure id=\"attachment_1657\" aria-describedby=\"caption-attachment-1657\" style=\"width: 300px\" class=\"wp-caption alignleft\"><img loading=\"lazy\" class=\"wp-image-1657 size-medium\" src=\"https:\/\/buecherheroes.de\/wp-content\/uploads\/2021\/04\/unnamed-3-scaled-e1619782954187-300x300.jpg\" alt=\"\" width=\"300\" height=\"300\" srcset=\"https:\/\/buecherheroes.de\/wp-content\/uploads\/2021\/04\/unnamed-3-scaled-e1619782954187-300x300.jpg 300w, https:\/\/buecherheroes.de\/wp-content\/uploads\/2021\/04\/unnamed-3-scaled-e1619782954187-150x150.jpg 150w, https:\/\/buecherheroes.de\/wp-content\/uploads\/2021\/04\/unnamed-3-scaled-e1619782954187-768x768.jpg 768w, https:\/\/buecherheroes.de\/wp-content\/uploads\/2021\/04\/unnamed-3-scaled-e1619782954187.jpg 998w\" sizes=\"(max-width: 300px) 100vw, 300px\" \/><figcaption id=\"caption-attachment-1657\" class=\"wp-caption-text\">\u00a9 Sabine Hoffmann<\/figcaption><\/figure>\n<p class=\"frage\">Das hat mich in die Buchbranche gef\u00fchrt:<\/p>\n<p>Von der Melkerin zur Landwirtin, dann in den Vertrieb der Kirchenzeitung und seit 20 Jahren im Buchverlag. Das kann passieren, wenn sich auf einmal 1989 ganz neue Wege er\u00f6ffnen.<\/p>\n<p class=\"frage\">Mein Lieblingsbuch das keiner kennt:<\/p>\n<p>Emile Ajar: \u00bbK\u00f6nig Salomons \u00c4ngste\u00ab<\/p>\n<p class=\"frage\">Ohne meine Kolleg*innen h\u00e4tte ich dieses Ding nicht gedreht:<\/p>\n<p>Ohne meine Kolleg*innen w\u00e4re die Euro-Umstellung, die Umstellung auf ein neues Vertriebsprogramm und vor allem die unsinnige tempor\u00e4re Mehrwertsteuersenkung im Jahr 2020 nicht zu stemmen gewesen. Auch die Auslieferung von 50.000 Exemplaren von neuen Gesangb\u00fcchern an die Kirchengemeinden aus dem eigenen Vertrieb war mehr als ein Workout f\u00fcr alle im Verlag. DANKE an alle, die mit helfenden Hirnen und H\u00e4nden und Schokolade dabei waren.<\/p>\n<p class=\"frage\">Dieses Projekt w\u00fcrde ich gerne aus der Schublade holen:<\/p>\n<p>Die verborgenen Sch\u00e4tze der Backlist besser vermarkten und Reprints von alten Titeln.<\/p>\n<p class=\"frage\">Ich bin Mitglied im B\u00f6rsenverein, weil&#8230;<\/p>\n<p>&#8230; vor allem der Landesverband Berlin-Brandenburg immer wieder gute Impulse f\u00fcr die Arbeit gibt und ein toller Netzwerker zwischen Verlagen und Buchh\u00e4ndlern ist. Die Weiterbildungsangebote haben wir schon oft genutzt und k\u00f6nnen diese praxisnahen Schulungen f\u00fcr \u00bbkleines\u00ab Geld nur empfehlen.<\/p>\n<p class=\"frage\">Welcher b\u00fccherHERO ist noch zu entdecken, und warum?<\/p>\n<p>Ich bin eine gro\u00dfe Freundin der \u00bbBrauseboys\u00ab aus dem Berliner Wedding. Im Satyr-Verlag von Volker Surmann erscheinen viele B\u00fccher der Leseb\u00fchnenautoren, denen der Verleger auch angeh\u00f6rt. Ich finde es spannend, wie eine Leseb\u00fchnenautor zum Verleger wird. Aus der Not oder aus der Lust. War erst das Verlegen oder die Leseb\u00fchne da?<\/p>\n<div class=\"abbinder\">Sabine Hoffmann<br \/>\nWichern-Verlag<br \/>\nGeorgenkirchstr. 69-70<br \/>\n10249 Berlin-Friedrichshain<\/p>\n<p>Telefon: (030) 28 87 48 17<br \/>\nE-Mail: <a href=\"mailto:vertrieb@wichern.de\">vertrieb@wichern.de<\/a><br \/>\nWebseite: <a href=\"https:\/\/www.wichern.de\" target=\"_blank\" rel=\"noopener\">www.wichern.de<\/a><\/p>\n<\/div>\n","protected":false},"excerpt":{"rendered":"<p>Sabine Hoffmann, Wichern Verlag<\/p>\n","protected":false},"author":1,"featured_media":1659,"comment_status":"closed","ping_status":"open","sticky":false,"template":"","format":"standard","meta":[],"categories":[5,10],"tags":[],"blocksy_meta":"","_links":{"self":[{"href":"https:\/\/buecherheroes.de\/index.php\/wp-json\/wp\/v2\/posts\/1652"}],"collection":[{"href":"https:\/\/buecherheroes.de\/index.php\/wp-json\/wp\/v2\/posts"}],"about":[{"href":"https:\/\/buecherheroes.de\/index.php\/wp-json\/wp\/v2\/types\/post"}],"author":[{"embeddable":true,"href":"https:\/\/buecherheroes.de\/index.php\/wp-json\/wp\/v2\/users\/1"}],"replies":[{"embeddable":true,"href":"https:\/\/buecherheroes.de\/index.php\/wp-json\/wp\/v2\/comments?post=1652"}],"version-history":[{"count":3,"href":"https:\/\/buecherheroes.de\/index.php\/wp-json\/wp\/v2\/posts\/1652\/revisions"}],"predecessor-version":[{"id":1660,"href":"https:\/\/buecherheroes.de\/index.php\/wp-json\/wp\/v2\/posts\/1652\/revisions\/1660"}],"wp:featuredmedia":[{"embeddable":true,"href":"https:\/\/buecherheroes.de\/index.php\/wp-json\/wp\/v2\/media\/1659"}],"wp:attachment":[{"href":"https:\/\/buecherheroes.de\/index.php\/wp-json\/wp\/v2\/media?parent=1652"}],"wp:term":[{"taxonomy":"category","embeddable":true,"href":"https:\/\/buecherheroes.de\/index.php\/wp-json\/wp\/v2\/categories?post=1652"},{"taxonomy":"post_tag","embeddable":true,"href":"https:\/\/buecherheroes.de\/index.php\/wp-json\/wp\/v2\/tags?post=1652"}],"curies":[{"name":"wp","href":"https:\/\/api.w.org\/{rel}","templated":true}]}}