{"id":1648,"date":"2021-04-30T13:22:39","date_gmt":"2021-04-30T11:22:39","guid":{"rendered":"https:\/\/buecherheroes.de\/?p=1648"},"modified":"2021-04-30T13:31:30","modified_gmt":"2021-04-30T11:31:30","slug":"der-mensch-als-erzaehlendes-wesen","status":"publish","type":"post","link":"https:\/\/buecherheroes.de\/index.php\/der-mensch-als-erzaehlendes-wesen\/","title":{"rendered":"Der Mensch als erz\u00e4hlendes Wesen"},"content":{"rendered":"<p><strong>Peter Amsler, Der Erz\u00e4hlverlag<\/strong><\/p>\n<figure id=\"attachment_1649\" aria-describedby=\"caption-attachment-1649\" style=\"width: 300px\" class=\"wp-caption alignleft\"><img loading=\"lazy\" class=\"wp-image-1649 size-medium\" src=\"https:\/\/buecherheroes.de\/wp-content\/uploads\/2021\/04\/unnamed-2-e1619781665514-300x300.jpg\" alt=\"\" width=\"300\" height=\"300\" srcset=\"https:\/\/buecherheroes.de\/wp-content\/uploads\/2021\/04\/unnamed-2-e1619781665514-300x300.jpg 300w, https:\/\/buecherheroes.de\/wp-content\/uploads\/2021\/04\/unnamed-2-e1619781665514-150x150.jpg 150w, https:\/\/buecherheroes.de\/wp-content\/uploads\/2021\/04\/unnamed-2-e1619781665514.jpg 548w\" sizes=\"(max-width: 300px) 100vw, 300px\" \/><figcaption id=\"caption-attachment-1649\" class=\"wp-caption-text\">\u00a9 Carsten Scheibe, Zehlendorf aktuell<\/figcaption><\/figure>\n<p class=\"frage\">Das hat mich in die Buchbranche gef\u00fchrt:<\/p>\n<p>Zuerst die schiere Notwendigkeit: Die Themen der B\u00fccher und Texthefte aus dem Erz\u00e4hlverlag gab es bis 2018 nur hier und da in Programmen verschiedener Verlage. Nun gibt es einen eigenen Fachverlag f\u00fcr das freie m\u00fcndliche Erz\u00e4hlen. Wir sind Ansprechpartner f\u00fcr alle Menschen, die sich der Erz\u00e4hlkunst widmen, eine der \u00e4ltesten K\u00fcnste der Menschheit &#8211; ob auf Kleinkunstb\u00fchnen, in Kinderg\u00e4rten und Schulen, in Hospizen und Therapien oder zu Hause.<br \/>\nSodann: die Freude am Buch, an Fort- und Weiterbildung, an lebenslangem Lernen.<\/p>\n<p class=\"frage\">Mein Lieblingsbuch das keiner kennt:<\/p>\n<p><a href=\"https:\/\/www.erzaehlverlag.de\/2021\/02\/03\/ein-monat-mit-dostojewskji\/\" target=\"_blank\" rel=\"noopener\">Ein Monat mit Dostojewskij. Seine Gedanken Tag f\u00fcr Tag zusammengestellt von Klaus Hugler<\/a> &#8211; Dostojewskij zum Selberdenken!<\/p>\n<p class=\"frage\">Ohne meine Kolleg*innen h\u00e4tte ich dieses Ding nicht gedreht:<\/p>\n<p>Der Mensch ist ein erz\u00e4hlendes Wesen. In allen Kulturen und seit vielen Tausend Jahren halten Menschen \u00fcber das Erz\u00e4hlen ihre gemeinsame kulturelle Identit\u00e4t lebendig. Auch die modernen Erz\u00e4hlerinnen und Erz\u00e4hler sch\u00f6pfen auf der B\u00fchne und in Bildungseinrichtungen aus den urspr\u00fcnglich m\u00fcndlichen \u00dcberlieferungen der Menschheit. Sie entwickeln ihre Geschichten aus M\u00e4rchen, Mythen und Sagen aus aller Welt. Im deutschsprachigen Raum organisieren sie sich im VEE, dem Verband der Erz\u00e4hlerinnen und Erz\u00e4hler, und in verschiedenen Berufsverb\u00e4nden. Besonders in Freien Waldorfschulen wird Erz\u00e4hlkunst gepflegt. Mit Sprache, K\u00f6rper, Herz und Witz treten sie in direkten Kontakt zu ihrem jungen und alten Publikum, ohne Technik, und damit als notwendiger Gegenpol zur Digitalisierung. Diese Menschen und ihre Bed\u00fcrfnisse und Bedarfe pr\u00e4gen das Programm des Verlags. Mit ihnen veranstaltet der Verlag nicht nur Lesungen und Erz\u00e4hlabende, sondern auch Workshops und Seminare.<\/p>\n<p class=\"frage\">Dieses Projekt w\u00fcrde ich gerne aus der Schublade holen:<\/p>\n<p>Analog zur damaligen Verlagsbuchhandlung \u00bbShakespeares Enkel\u00ab in Dresden w\u00fcnsche ich mir in Berlin eine Fl\u00e4che in guter Lage, deren Sortiment vor allem aus ausgew\u00e4hlten Titeln der kleinen, unabh\u00e4ngigen Verlage besteht, genossenschaftlich organisiert.<\/p>\n<p class=\"frage\">Ich bin Mitglied im B\u00f6rsenverein, weil&#8230;<\/p>\n<p>&#8230; sich dort Kr\u00e4fte b\u00fcndeln.<\/p>\n<p class=\"frage\">Welcher b\u00fccherHERO ist noch zu entdecken, und warum?<\/p>\n<p>Erstens: <a href=\"https:\/\/www.boersenblatt.net\/news\/verlage-news\/klimaneutraler-druck-bei-den-unabhaengigen-163221\" target=\"_blank\" rel=\"noopener\">Unabh\u00e4ngige Verlage for Future<\/a> &#8211; f\u00fcr uns die einfachste Art, klimaneutral zu drucken.<br \/>\nZweitens: <a href=\"https:\/\/www.schoenebuecher.net\" target=\"_blank\" rel=\"noopener\">Sch\u00f6ne B\u00fccher. Lesetipps aus unabh\u00e4ngigen Verlagen<\/a> &#8211; eine fantastische Aktion von Jens Korch aus Chemnitz (Edition Wannenbuch Verlag), eine Auswahl an guten Titeln, die im Handel allzu oft untergehen, sichtbar zu machen.<\/p>\n<div><\/div>\n<div class=\"abbinder\">Peter Amsler<br \/>\nDer Erz\u00e4hlverlag<br \/>\nReiherbeize 26<br \/>\n14169 Berlin-Zehlendorf<\/p>\n<p>Telefon: (030) 92 27 52 49<br \/>\nE-Mail: <a href=\"mailto:kontakt@erzaehlverlag.de\">kontakt@erzaehlverlag.de<\/a><br \/>\nWebseite: <a href=\"https:\/\/www.www.erzaehlverlag.de\" target=\"_blank\" rel=\"noopener\" data-wplink-edit=\"true\">www.erzaehlverlag.de<\/a><\/p>\n<p>Facebook: <a href=\"https:\/\/www.facebook.com\/erzaehlverlag\" target=\"_blank\" rel=\"noopener\">erzaehlverlag<\/a><\/p>\n<\/div>\n","protected":false},"excerpt":{"rendered":"<p>Peter Amsler, Der Erz\u00e4hlverlag<\/p>\n","protected":false},"author":1,"featured_media":1655,"comment_status":"closed","ping_status":"open","sticky":false,"template":"","format":"standard","meta":[],"categories":[5,10],"tags":[],"blocksy_meta":"","_links":{"self":[{"href":"https:\/\/buecherheroes.de\/index.php\/wp-json\/wp\/v2\/posts\/1648"}],"collection":[{"href":"https:\/\/buecherheroes.de\/index.php\/wp-json\/wp\/v2\/posts"}],"about":[{"href":"https:\/\/buecherheroes.de\/index.php\/wp-json\/wp\/v2\/types\/post"}],"author":[{"embeddable":true,"href":"https:\/\/buecherheroes.de\/index.php\/wp-json\/wp\/v2\/users\/1"}],"replies":[{"embeddable":true,"href":"https:\/\/buecherheroes.de\/index.php\/wp-json\/wp\/v2\/comments?post=1648"}],"version-history":[{"count":4,"href":"https:\/\/buecherheroes.de\/index.php\/wp-json\/wp\/v2\/posts\/1648\/revisions"}],"predecessor-version":[{"id":1656,"href":"https:\/\/buecherheroes.de\/index.php\/wp-json\/wp\/v2\/posts\/1648\/revisions\/1656"}],"wp:featuredmedia":[{"embeddable":true,"href":"https:\/\/buecherheroes.de\/index.php\/wp-json\/wp\/v2\/media\/1655"}],"wp:attachment":[{"href":"https:\/\/buecherheroes.de\/index.php\/wp-json\/wp\/v2\/media?parent=1648"}],"wp:term":[{"taxonomy":"category","embeddable":true,"href":"https:\/\/buecherheroes.de\/index.php\/wp-json\/wp\/v2\/categories?post=1648"},{"taxonomy":"post_tag","embeddable":true,"href":"https:\/\/buecherheroes.de\/index.php\/wp-json\/wp\/v2\/tags?post=1648"}],"curies":[{"name":"wp","href":"https:\/\/api.w.org\/{rel}","templated":true}]}}