{"id":1529,"date":"2021-04-13T12:48:42","date_gmt":"2021-04-13T10:48:42","guid":{"rendered":"https:\/\/buecherheroes.de\/?p=1529"},"modified":"2022-01-17T13:52:16","modified_gmt":"2022-01-17T12:52:16","slug":"stark-im-team","status":"publish","type":"post","link":"https:\/\/buecherheroes.de\/index.php\/stark-im-team\/","title":{"rendered":"Stark im Team"},"content":{"rendered":"<p><strong>Solveig Faust, Teamleitung Buchhandel und Nationales Partnermanagement, Beuth Verlag GmbH<\/strong><\/p>\n<figure id=\"attachment_1532\" aria-describedby=\"caption-attachment-1532\" style=\"width: 300px\" class=\"wp-caption alignleft\"><img loading=\"lazy\" class=\"wp-image-1532 size-medium\" src=\"https:\/\/buecherheroes.de\/wp-content\/uploads\/2021\/04\/solveig-faust-scaled-e1618310853350-300x300.jpg\" alt=\"\" width=\"300\" height=\"300\" srcset=\"https:\/\/buecherheroes.de\/wp-content\/uploads\/2021\/04\/solveig-faust-scaled-e1618310853350-300x300.jpg 300w, https:\/\/buecherheroes.de\/wp-content\/uploads\/2021\/04\/solveig-faust-scaled-e1618310853350-1024x1024.jpg 1024w, https:\/\/buecherheroes.de\/wp-content\/uploads\/2021\/04\/solveig-faust-scaled-e1618310853350-150x150.jpg 150w, https:\/\/buecherheroes.de\/wp-content\/uploads\/2021\/04\/solveig-faust-scaled-e1618310853350-768x768.jpg 768w, https:\/\/buecherheroes.de\/wp-content\/uploads\/2021\/04\/solveig-faust-scaled-e1618310853350.jpg 1248w\" sizes=\"(max-width: 300px) 100vw, 300px\" \/><figcaption id=\"caption-attachment-1532\" class=\"wp-caption-text\">\u00a9 Solveig Faust<\/figcaption><\/figure>\n<p class=\"frage\">Das hat mich in die Buchbranche gef\u00fchrt:<\/p>\n<p>Ich bin \u00fcber Umwege Buchh\u00e4ndlerin geworden. Mein in Leipzig, damals DDR, begonnenes Studium konnte ich in Bayern nicht weiterf\u00fchren. B\u00f6rries Diekmann bot mir dann im Sommer 1990 einen Ausbildungsplatz in seiner Buchhandlung an. Diese Jahre dort haben mich sehr gepr\u00e4gt. Bis heute bin ich der Buchhandlung verbunden und mit meiner ehemaligen Kollegin Sybille befreundet. Um mehr Familienzeit zu haben, bin ich 2012 in die Verlagsbranche zu Beuth gewechselt. Diesen Berufsweg habe ich niemals bereut und arbeite wirklich gern in der Buch- und Medienbranche.<\/p>\n<p class=\"frage\">Mein Lieblingsbuch das keiner kennt:<\/p>\n<p>Angela Krau\u00df: <a href=\"https:\/\/www.suhrkamp.de\/buecher\/eine_wiege-angela_krauss_42468.html\" target=\"_blank\" rel=\"noopener\">Eine Wiege<\/a>, Suhrkamp. Ein Gl\u00fccksfall, wenn jemand so schreibt, dass ich es selbst gern genauso gesagt h\u00e4tte.<\/p>\n<p class=\"frage\">Ohne meine Kolleg*innen h\u00e4tte ich dieses Ding nicht gedreht:<\/p>\n<p>Ich m\u00f6chte die Antwort nicht auf ein Projekt herunterbrechen, obwohl die Liste lang w\u00e4re. Fakt ist, dass ich jede neue Idee und gr\u00f6\u00dfere Aufgabe nur schaffe, weil wir so ein gutes Team sind.\u00a0Der Zusammenhalt und die gegenseitige Unterst\u00fctzung sind in meinem Team wirklich das t\u00e4gliche Erfolgsrezept.<\/p>\n<p class=\"frage\">Dieses Projekt w\u00fcrde ich gerne aus der Schublade holen:<\/p>\n<p>Vielleicht w\u00fcrde ich gern an der Gestaltung unserer B\u00fccher etwas drehen. Da ist noch Luft nach oben.<\/p>\n<p class=\"frage\">Ich bin Mitglied im B\u00f6rsenverein, weil&#8230;<\/p>\n<p>Vielen meiner Freunde ist gar nicht bewusst, welche Sonderstellung unsere Buchhandelslandschaft, Barsortimente und Preisbindung weltweit einnehmen. Der Verband k\u00fcmmert sich darum, dass es so bleibt und setzt sich f\u00fcr unsere Interessen ein. Die Landesverb\u00e4nde vernetzen Buchhandlungen und Verlage miteinander. Diese famili\u00e4re Zugeh\u00f6rigkeit spiegelt sich jedes Jahr auf der Buchmesse wieder, die immer einem gro\u00dfen Klassentreffen gleicht.<\/p>\n<p class=\"frage\">Welcher b\u00fccherHERO ist noch zu entdecken, und warum?<\/p>\n<p>Ich folge seit langem auf Instagram der <a href=\"https:\/\/buchhandlunglueders.de\" target=\"_blank\" rel=\"noopener\">Buchhandlung L\u00fcders<\/a> aus Hamburg. Obwohl ich in Berlin wohne und keine Stammkundin bin, begeistern mich die Kolleginnen mit ihren Beitr\u00e4gen.<br \/>\nGanz tolle Arbeit, diese Buchh\u00e4ndlerinnen brennen f\u00fcr die Literatur!<\/p>\n<div class=\"abbinder\">Solveig Faust<br \/>\nBeuth Verlag GmbH<br \/>\nSaatwinkler Damm 42<br \/>\n13627 Berlin<\/p>\n<p>Telefon: (030) 26 01 21 67<br \/>\nE-Mail: <a href=\"mailto:solveig.faust@beuth.de\">solveig.faust@beuth.de<\/a><br \/>\nWebseite: <a href=\"https:\/\/www.beuth.de\/de\/\">www.beuth.de\/de\/<\/a><\/p>\n<p>Facebook: <a href=\"https:\/\/de-de.facebook.com\/BeuthVerlag\/\">BeuthVerlag<\/a><\/p>\n<\/div>\n","protected":false},"excerpt":{"rendered":"<p>Solveig Faust, Beuth Verlag<\/p>\n","protected":false},"author":1,"featured_media":1532,"comment_status":"closed","ping_status":"open","sticky":false,"template":"","format":"standard","meta":[],"categories":[5,10],"tags":[],"blocksy_meta":"","_links":{"self":[{"href":"https:\/\/buecherheroes.de\/index.php\/wp-json\/wp\/v2\/posts\/1529"}],"collection":[{"href":"https:\/\/buecherheroes.de\/index.php\/wp-json\/wp\/v2\/posts"}],"about":[{"href":"https:\/\/buecherheroes.de\/index.php\/wp-json\/wp\/v2\/types\/post"}],"author":[{"embeddable":true,"href":"https:\/\/buecherheroes.de\/index.php\/wp-json\/wp\/v2\/users\/1"}],"replies":[{"embeddable":true,"href":"https:\/\/buecherheroes.de\/index.php\/wp-json\/wp\/v2\/comments?post=1529"}],"version-history":[{"count":5,"href":"https:\/\/buecherheroes.de\/index.php\/wp-json\/wp\/v2\/posts\/1529\/revisions"}],"predecessor-version":[{"id":1929,"href":"https:\/\/buecherheroes.de\/index.php\/wp-json\/wp\/v2\/posts\/1529\/revisions\/1929"}],"wp:featuredmedia":[{"embeddable":true,"href":"https:\/\/buecherheroes.de\/index.php\/wp-json\/wp\/v2\/media\/1532"}],"wp:attachment":[{"href":"https:\/\/buecherheroes.de\/index.php\/wp-json\/wp\/v2\/media?parent=1529"}],"wp:term":[{"taxonomy":"category","embeddable":true,"href":"https:\/\/buecherheroes.de\/index.php\/wp-json\/wp\/v2\/categories?post=1529"},{"taxonomy":"post_tag","embeddable":true,"href":"https:\/\/buecherheroes.de\/index.php\/wp-json\/wp\/v2\/tags?post=1529"}],"curies":[{"name":"wp","href":"https:\/\/api.w.org\/{rel}","templated":true}]}}