{"id":1515,"date":"2021-03-31T09:56:44","date_gmt":"2021-03-31T07:56:44","guid":{"rendered":"https:\/\/buecherheroes.de\/?p=1515"},"modified":"2022-01-17T13:52:51","modified_gmt":"2022-01-17T12:52:51","slug":"der-buecherbote-auf-inline-skatern","status":"publish","type":"post","link":"https:\/\/buecherheroes.de\/index.php\/der-buecherbote-auf-inline-skatern\/","title":{"rendered":"Der B\u00fccherbote auf Inline-Skatern"},"content":{"rendered":"<p><strong>Kilian Kissling, Gesch\u00e4ftsf\u00fchrer Argon Verlag AVE GmbH<\/strong><\/p>\n<figure id=\"attachment_1517\" aria-describedby=\"caption-attachment-1517\" style=\"width: 300px\" class=\"wp-caption alignleft\"><img loading=\"lazy\" class=\"wp-image-1517 size-medium\" src=\"https:\/\/buecherheroes.de\/wp-content\/uploads\/2021\/03\/unnamed-e1617177266705-300x300.jpg\" alt=\"\" width=\"300\" height=\"300\" srcset=\"https:\/\/buecherheroes.de\/wp-content\/uploads\/2021\/03\/unnamed-e1617177266705-300x300.jpg 300w, https:\/\/buecherheroes.de\/wp-content\/uploads\/2021\/03\/unnamed-e1617177266705-150x150.jpg 150w, https:\/\/buecherheroes.de\/wp-content\/uploads\/2021\/03\/unnamed-e1617177266705-768x768.jpg 768w, https:\/\/buecherheroes.de\/wp-content\/uploads\/2021\/03\/unnamed-e1617177266705.jpg 974w\" sizes=\"(max-width: 300px) 100vw, 300px\" \/><figcaption id=\"caption-attachment-1517\" class=\"wp-caption-text\">\u00a9 Stephan Siebert<\/figcaption><\/figure>\n<p class=\"frage\">Das hat mich in die Buchbranche gef\u00fchrt:<\/p>\n<p>Ganz unoriginell: meine Mutter war Buchh\u00e4ndlerin, mein Vater Verlagsvertreter. Neben Ostern und Weihnachten gab es in unserem Familienkalender auch die Buchmesse, von der meine Eltern immer ein paar besondere B\u00fccher mitgebracht haben. Diese \u00bbBuchmesse\u00ab schien mir ein magischer Ort zu sein.<br>Habe studiert, wurde Buchh\u00e4ndler, nun ja&#8230;<\/p>\n<p class=\"frage\">Mein Lieblingsbuch das keiner kennt:<\/p>\n<p>\u00bbRuby Martinson\u00ab von Henry Slesar<\/p>\n<p class=\"frage\">Ohne meine Kolleg*innen h\u00e4tte ich dieses Ding nicht gedreht:<\/p>\n<p>Die Frage m\u00fcsste eher lauten: Was h\u00e4tte ich eigentlich ohne meine Kolleginnen und Kollegen auf die Beine stellen k\u00f6nnen. Ich arbeite leidenschaftlich gerne mit anderen Menschen zusammen, bin auf Inspirationen von anderen angewiesen und brauche sie, um meine eigenen Ideen zu pr\u00fcfen und sch\u00e4rfen. Vielleicht ist das auch ein Grund, warum ich in dieser Branche bin. Denn hier erlebe ich auf vielen Ebenen ein Miteinander und Austausch, nicht nur im eigenen Haus, auch unter Verlagen und mit Sortimentern.<\/p>\n<p class=\"frage\">Dieses Projekt w\u00fcrde ich gerne aus der Schublade holen:<\/p>\n<p>Als ich noch Buchh\u00e4ndler war hatte ich die Idee einer Buchhandlung, die den Kundinnen und Kunden Ihre bestellten B\u00fccher mit Inline-Skater fahrenden rot-uniformierten freundlichen B\u00fccherboten nach Hause oder an den Arbeitsplatz bringt, am besten noch am Tag der Bestellung. Es sollte die M\u00f6glichkeit geben, im Internet zu bestellen oder sich telefonisch kompetent beraten zu lassen. Das wollte ich in einer Gegend mit Wohnungen und B\u00fcros aufziehen, die roten Inline-Flitzer sollten den Kiez pr\u00e4gen (und f\u00fcr Sch\u00fclerinnen und Sch\u00fcler sollte das der coolste aller Jobs sein). Im Erfolgsfall wollte ich das Modell mit Partnern in anderen Gegenden ausbreiten. Mit fehlte dann das Geld&#8230; W\u00e4hrend der Pandemie musste ich oft an diese Idee von fr\u00fcher denken.<\/p>\n<p class=\"frage\">Ich bin Mitglied im B\u00f6rsenverein, weil&#8230;<\/p>\n<p>&#8230;ich nunmal das Miteinander und den Austausch unter Kolleginnen und Kollegen nicht nur wichtig finde \u2013 ich k\u00f6nnte ohne gar nicht arbeiten. Die VG-Wort-Krise, die KNV-Insolvenz, die Anschl\u00e4ge auf die Meinungsfreiheit in Rudow und nicht zuletzt diese zerm\u00fcrbende Pandemie in dieser Zeit \u2013 ich w\u00fcsste nicht, wie wir uns Herausforderungen wie diesen h\u00e4tten erfolgreich stellen k\u00f6nnen ohne in einem lebendigen, kooperativen Verband organisiert zu sein, der Interessen b\u00fcndelt, kanalisiert und Aktivit\u00e4ten organisiert.<\/p>\n<p class=\"frage\">Welcher b\u00fccherHERO ist noch zu entdecken, und warum?<\/p>\n<p>Ich bewundere die Arbeit von <a href=\"http:\/\/www.speaklow.de\" target=\"_blank\" rel=\"noopener\">Speak Low<\/a>, der Heldin Vera Teichmann und dem Helden Harald Krewer. Sie reizen wirklich aus, was das reine H\u00f6rbuch (nicht das H\u00f6rbuch oder Feature) zu bieten hat.<\/p>\n<div class=\"abbinder\">Kilian Kissling<br>Argon Verlag AVE GmbH<br>Waldemarstra\u00dfe 33a, Hof 2<br>10999 Berlin-Kreuzberg<p><\/p>\n<p>Telefon: (030) 25 76 20 621<br>E-Mail: <a href=\"mailto:kilian.kissling@argon-verlag.de\">kilian.kissling@argon-verlag.de<\/a><br>Webseite: <a href=\"https:\/\/www.argon-verlag.de\/\">www.argon-verlag.de<\/a><\/p>\n<p>Facebook: <a href=\"https:\/\/www.facebook.com\/ArgonVerlag\">ArgonVerlag<\/a><br>Instagram: <a href=\"https:\/\/www.instagram.com\/argonverlag\">@argonverlag<\/a><br>Twitter: <a href=\"https:\/\/twitter.com\/argonpresse\">@argonpresse<\/a><\/p>\n<\/div>\n\n\n<p><\/p>\n","protected":false},"excerpt":{"rendered":"<p>Kilian Kissling, Argon Verlag<\/p>\n","protected":false},"author":1,"featured_media":1517,"comment_status":"closed","ping_status":"open","sticky":false,"template":"","format":"standard","meta":[],"categories":[8,9,5],"tags":[],"blocksy_meta":"","_links":{"self":[{"href":"https:\/\/buecherheroes.de\/index.php\/wp-json\/wp\/v2\/posts\/1515"}],"collection":[{"href":"https:\/\/buecherheroes.de\/index.php\/wp-json\/wp\/v2\/posts"}],"about":[{"href":"https:\/\/buecherheroes.de\/index.php\/wp-json\/wp\/v2\/types\/post"}],"author":[{"embeddable":true,"href":"https:\/\/buecherheroes.de\/index.php\/wp-json\/wp\/v2\/users\/1"}],"replies":[{"embeddable":true,"href":"https:\/\/buecherheroes.de\/index.php\/wp-json\/wp\/v2\/comments?post=1515"}],"version-history":[{"count":4,"href":"https:\/\/buecherheroes.de\/index.php\/wp-json\/wp\/v2\/posts\/1515\/revisions"}],"predecessor-version":[{"id":1930,"href":"https:\/\/buecherheroes.de\/index.php\/wp-json\/wp\/v2\/posts\/1515\/revisions\/1930"}],"wp:featuredmedia":[{"embeddable":true,"href":"https:\/\/buecherheroes.de\/index.php\/wp-json\/wp\/v2\/media\/1517"}],"wp:attachment":[{"href":"https:\/\/buecherheroes.de\/index.php\/wp-json\/wp\/v2\/media?parent=1515"}],"wp:term":[{"taxonomy":"category","embeddable":true,"href":"https:\/\/buecherheroes.de\/index.php\/wp-json\/wp\/v2\/categories?post=1515"},{"taxonomy":"post_tag","embeddable":true,"href":"https:\/\/buecherheroes.de\/index.php\/wp-json\/wp\/v2\/tags?post=1515"}],"curies":[{"name":"wp","href":"https:\/\/api.w.org\/{rel}","templated":true}]}}